{"id":3377,"date":"2025-02-10T16:00:00","date_gmt":"2025-02-10T15:00:00","guid":{"rendered":"https:\/\/supergrosz.pl\/blog\/?p=3377"},"modified":"2025-02-10T15:56:46","modified_gmt":"2025-02-10T14:56:46","slug":"12-miesieczny-okres-ochronny-po-urlopie-macierzynskim","status":"publish","type":"post","link":"https:\/\/supergrosz.pl\/blog\/12-miesieczny-okres-ochronny-po-urlopie-macierzynskim\/","title":{"rendered":"12-miesi\u0119czny okres ochronny po urlopie macierzy\u0144skim"},"content":{"rendered":"\n<p><strong>Czy wiedzieli\u015bcie, \u017ce po urlopie macierzy\u0144skim mo\u017cna jeszcze przez rok cieszy\u0107 si\u0119 specjalnym parasolem ochronnym, kt\u00f3ry nie tylko chroni przed deszczem zwolnie\u0144, ale r\u00f3wnie\u017c sprzyja rozwojowi zawodowemu? W naszym artykule przyjrzymy si\u0119 bli\u017cej korzy\u015bciom p\u0142yn\u0105cym z 12-miesi\u0119cznego okresu ochronnego, doradzimy, jak maksymalnie wykorzysta\u0107 ten czas dla w\u0142asnego dobra oraz powrotu na rynek pracy. Zbadamy, jakie prawa przys\u0142uguj\u0105 pracownikom w tym wyj\u0105tkowym okresie i jak pracodawcy mog\u0105 wspiera\u0107 swoich pracownik\u00f3w, aby wsp\u00f3lnie budowa\u0107 silniejsze, bardziej zintegrowane zespo\u0142y. Przygotowali\u015bmy r\u00f3wnie\u017c odpowiedzi na najcz\u0119\u015bciej zadawane pytania, kt\u00f3re rozwiej\u0105 wszelkie w\u0105tpliwo\u015bci. Zapraszamy do lektury, kt\u00f3ra nie tylko rozwieje mity, ale r\u00f3wnie\u017c poka\u017ce, jak wa\u017cny jest ten czas dla ka\u017cdej mamy wracaj\u0105cej do pracy.<\/strong><\/p>\n\n\n\n<div id=\"ez-toc-container\" class=\"ez-toc-v2_0_74 counter-hierarchy ez-toc-counter ez-toc-grey ez-toc-container-direction\">\n<div class=\"ez-toc-title-container\">\n<p class=\"ez-toc-title\" style=\"cursor:inherit\">Spis tre\u015bci<\/p>\n<span class=\"ez-toc-title-toggle\"><\/span><\/div>\n<nav><ul class='ez-toc-list ez-toc-list-level-1 ' ><li class='ez-toc-page-1 ez-toc-heading-level-2'><a class=\"ez-toc-link ez-toc-heading-1\" href=\"https:\/\/supergrosz.pl\/blog\/12-miesieczny-okres-ochronny-po-urlopie-macierzynskim\/#Jak-skorzystac-z-okresu-ochronnego-po-urlopie-macierzynskim\" >Jak skorzysta\u0107 z okresu ochronnego po urlopie macierzy\u0144skim?<\/a><\/li><li class='ez-toc-page-1 ez-toc-heading-level-2'><a class=\"ez-toc-link ez-toc-heading-2\" href=\"https:\/\/supergrosz.pl\/blog\/12-miesieczny-okres-ochronny-po-urlopie-macierzynskim\/#Prawa-pracownicze-w-trakcie-okresu-ochronnego\" >Prawa pracownicze w trakcie okresu ochronnego<\/a><\/li><li class='ez-toc-page-1 ez-toc-heading-level-2'><a class=\"ez-toc-link ez-toc-heading-3\" href=\"https:\/\/supergrosz.pl\/blog\/12-miesieczny-okres-ochronny-po-urlopie-macierzynskim\/#Wplyw-okresu-ochronnego-na-rozwoj-zawodowy-i-powrot-do-pracy\" >Wp\u0142yw okresu ochronnego na rozw\u00f3j zawodowy i powr\u00f3t do pracy<\/a><\/li><li class='ez-toc-page-1 ez-toc-heading-level-2'><a class=\"ez-toc-link ez-toc-heading-4\" href=\"https:\/\/supergrosz.pl\/blog\/12-miesieczny-okres-ochronny-po-urlopie-macierzynskim\/#Porady-dla-pracodawcow-Jak-wspierac-pracownikow-w-okresie-ochronnym\" >Porady dla pracodawc\u00f3w: Jak wspiera\u0107 pracownik\u00f3w w okresie ochronnym?<\/a><\/li><li class='ez-toc-page-1 ez-toc-heading-level-2'><a class=\"ez-toc-link ez-toc-heading-5\" href=\"https:\/\/supergrosz.pl\/blog\/12-miesieczny-okres-ochronny-po-urlopie-macierzynskim\/#Najczesciej-Zadawane-Pytania\" >Najcz\u0119\u015bciej Zadawane Pytania<\/a><ul class='ez-toc-list-level-3' ><li class='ez-toc-heading-level-3'><a class=\"ez-toc-link ez-toc-heading-6\" href=\"https:\/\/supergrosz.pl\/blog\/12-miesieczny-okres-ochronny-po-urlopie-macierzynskim\/#Czy-okres-ochronny-po-urlopie-macierzynskim-jest-obowiazkowy-dla-wszystkich-pracodawcow\" >Czy okres ochronny po urlopie macierzy\u0144skim jest obowi\u0105zkowy dla wszystkich pracodawc\u00f3w?<\/a><\/li><li class='ez-toc-page-1 ez-toc-heading-level-3'><a class=\"ez-toc-link ez-toc-heading-7\" href=\"https:\/\/supergrosz.pl\/blog\/12-miesieczny-okres-ochronny-po-urlopie-macierzynskim\/#Czy-moge-pracowac-na-czesc-etatu-w-trakcie-okresu-ochronnego\" >Czy mog\u0119 pracowa\u0107 na cz\u0119\u015b\u0107 etatu w trakcie okresu ochronnego?<\/a><\/li><li class='ez-toc-page-1 ez-toc-heading-level-3'><a class=\"ez-toc-link ez-toc-heading-8\" href=\"https:\/\/supergrosz.pl\/blog\/12-miesieczny-okres-ochronny-po-urlopie-macierzynskim\/#Czy-okres-ochronny-wplywa-na-wysokosc-swiadczen-z-tytulu-urlopu-macierzynskiego\" >Czy okres ochronny wp\u0142ywa na wysoko\u015b\u0107 \u015bwiadcze\u0144 z tytu\u0142u urlopu macierzy\u0144skiego?<\/a><\/li><li class='ez-toc-page-1 ez-toc-heading-level-3'><a class=\"ez-toc-link ez-toc-heading-9\" href=\"https:\/\/supergrosz.pl\/blog\/12-miesieczny-okres-ochronny-po-urlopie-macierzynskim\/#Czy-w-trakcie-okresu-ochronnego-moge-skorzystac-z-urlopu-wychowawczego\" >Czy w trakcie okresu ochronnego mog\u0119 skorzysta\u0107 z urlopu wychowawczego?<\/a><\/li><li class='ez-toc-page-1 ez-toc-heading-level-3'><a class=\"ez-toc-link ez-toc-heading-10\" href=\"https:\/\/supergrosz.pl\/blog\/12-miesieczny-okres-ochronny-po-urlopie-macierzynskim\/#Czy-pracodawca-moze-zmienic-moje-warunki-pracy-po-powrocie-z-urlopu-macierzynskiego-i-w-trakcie-okresu-ochronnego\" >Czy pracodawca mo\u017ce zmieni\u0107 moje warunki pracy po powrocie z urlopu macierzy\u0144skiego i w trakcie okresu ochronnego?<\/a><\/li><\/ul><\/li><\/ul><\/nav><\/div>\n<h2 class=\"wp-block-heading\"><span class=\"ez-toc-section\" id=\"Jak-skorzystac-z-okresu-ochronnego-po-urlopie-macierzynskim\"><\/span><a><\/a>Jak skorzysta\u0107 z okresu ochronnego po urlopie macierzy\u0144skim?<span class=\"ez-toc-section-end\"><\/span><\/h2>\n\n\n\n<p>Skorzystanie z <strong>12-miesi\u0119cznego okresu ochronnego<\/strong> po urlopie macierzy\u0144skim wymaga od rodzic\u00f3w \u015bwiadomego planowania i zrozumienia przys\u0142uguj\u0105cych im praw. Aby w pe\u0142ni wykorzysta\u0107 ten czas, warto zacz\u0105\u0107 od zapoznania si\u0119 z przepisami prawa pracy, kt\u00f3re gwarantuj\u0105 ochron\u0119 przed zwolnieniem oraz mo\u017cliwo\u015b\u0107 korzystania z elastycznych form zatrudnienia. <strong>Pracodawca<\/strong>, zgodnie z obowi\u0105zuj\u0105cymi regulacjami, nie mo\u017ce rozwi\u0105za\u0107 umowy o prac\u0119 z osob\u0105, kt\u00f3ra powr\u00f3ci\u0142a do pracy po urlopie macierzy\u0144skim, przez kolejne 12 miesi\u0119cy, co stanowi dodatkowe zabezpieczenie dla m\u0142odych rodzic\u00f3w.<\/p>\n\n\n\n<p>Aby maksymalnie wykorzysta\u0107 okres ochronny, warto rozwa\u017cy\u0107 kilka dost\u0119pnych opcji:<\/p>\n\n\n\n<ul class=\"wp-block-list\">\n<li><strong>Praca w niepe\u0142nym wymiarze godzin<\/strong> &#8211; umo\u017cliwia stopniowy powr\u00f3t do obowi\u0105zk\u00f3w zawodowych, jednocze\u015bnie pozostaj\u0105c pod ochron\u0105.<\/li>\n\n\n\n<li><strong>Urlop rodzicielski<\/strong> &#8211; kolejna forma wsparcia, kt\u00f3ra mo\u017ce by\u0107 wykorzystana bezpo\u015brednio po urlopie macierzy\u0144skim, r\u00f3wnie\u017c zapewniaj\u0105ca ochron\u0119 przed zwolnieniem.<\/li>\n\n\n\n<li><strong>Indywidualne ustalenia z pracodawc\u0105<\/strong> &#8211; dotycz\u0105ce elastycznego czasu pracy lub mo\u017cliwo\u015bci pracy zdalnej, co mo\u017ce by\u0107 korzystne zar\u00f3wno dla pracownika, jak i pracodawcy.<\/li>\n<\/ul>\n\n\n\n<p>Rozmowa z pracodawc\u0105 i przedstawienie swojej sytuacji mo\u017ce przyczyni\u0107 si\u0119 do znalezienia rozwi\u0105zania satysfakcjonuj\u0105cego obie strony, a tym samym skutecznego wykorzystania okresu ochronnego.<\/p>\n\n\n\n<h2 class=\"wp-block-heading\"><span class=\"ez-toc-section\" id=\"Prawa-pracownicze-w-trakcie-okresu-ochronnego\"><\/span><a><\/a>Prawa pracownicze w trakcie okresu ochronnego<span class=\"ez-toc-section-end\"><\/span><\/h2>\n\n\n\n<p>Okres ochronny po urlopie macierzy\u0144skim to czas, w kt\u00f3rym pracownica cieszy si\u0119 szczeg\u00f3ln\u0105 ochron\u0105 w miejscu pracy. Zrozumienie przys\u0142uguj\u0105cych jej praw jest niezb\u0119dne zar\u00f3wno dla pracodawc\u00f3w, jak i pracownik\u00f3w. Oto najwa\u017cniejsze z nich:<\/p>\n\n\n\n<ol class=\"wp-block-list\">\n<li><strong>Ochrona przed zwolnieniem<\/strong> &#8211; Przez ca\u0142y okres ochronny, kt\u00f3ry trwa 12 miesi\u0119cy po powrocie z urlopu macierzy\u0144skiego, pracownica nie mo\u017ce zosta\u0107 zwolniona bez wa\u017cnych powod\u00f3w niezwi\u0105zanych z jej sytuacj\u0105 rodzinn\u0105.<\/li>\n\n\n\n<li><strong>Prawo do elastycznego czasu pracy<\/strong> &#8211; Pracownica ma mo\u017cliwo\u015b\u0107 wnioskowania o elastyczne godziny pracy lub prac\u0119 zdaln\u0105, co umo\u017cliwia lepsze po\u0142\u0105czenie obowi\u0105zk\u00f3w zawodowych z opiek\u0105 nad dzieckiem.<\/li>\n\n\n\n<li><strong>Mo\u017cliwo\u015b\u0107 korzystania z urlopu wychowawczego<\/strong> &#8211; Po zako\u0144czeniu urlopu macierzy\u0144skiego, pracownica mo\u017ce zdecydowa\u0107 si\u0119 na urlop wychowawczy, kt\u00f3ry r\u00f3wnie\u017c jest okresem ochronnym.<\/li>\n\n\n\n<li><strong>Prawo do powrotu na to samo lub r\u00f3wnorz\u0119dne stanowisko<\/strong> &#8211; Po powrocie z urlopu macierzy\u0144skiego lub wychowawczego, pracownica ma zagwarantowane prawo do powrotu na swoje poprzednie stanowisko lub inne, r\u00f3wnorz\u0119dne, z zachowaniem dotychczasowych warunk\u00f3w pracy.<\/li>\n<\/ol>\n\n\n\n<h2 class=\"wp-block-heading\"><span class=\"ez-toc-section\" id=\"Wplyw-okresu-ochronnego-na-rozwoj-zawodowy-i-powrot-do-pracy\"><\/span><a><\/a>Wp\u0142yw okresu ochronnego na rozw\u00f3j zawodowy i powr\u00f3t do pracy<span class=\"ez-toc-section-end\"><\/span><\/h2>\n\n\n\n<p>Omawiany czas ochronny po urlopie macierzy\u0144skim ma znacz\u0105cy wp\u0142yw na mo\u017cliwo\u015bci rozwoju zawodowego oraz u\u0142atwienie powrotu do pracy. Dla wielu os\u00f3b jest to czas, kiedy mo\u017cna bez obaw skupi\u0107 si\u0119 na rodzinie, nie trac\u0105c przy tym kontaktu z \u017cyciem zawodowym. <strong>Mo\u017cliwo\u015b\u0107 elastycznego planowania powrotu do pracy<\/strong>, jak r\u00f3wnie\u017c korzystania z r\u00f3\u017cnych form wsparcia oferowanych przez pracodawc\u00f3w i pa\u0144stwo, stanowi solidn\u0105 podstaw\u0119 do dalszego rozwoju kariery.<\/p>\n\n\n\n<p>Wiele firm obecnie wprowadza programy szkoleniowe i mentoringowe dla os\u00f3b wracaj\u0105cych do pracy po przerwie zwi\u0105zanej z opiek\u0105 nad dzieckiem. Dzi\u0119ki temu pracownicy maj\u0105 szans\u0119 na <strong>aktualizacj\u0119 swoich umiej\u0119tno\u015bci<\/strong> oraz \u0142atwiejsze dostosowanie si\u0119 do zmieniaj\u0105cego si\u0119 \u015brodowiska pracy. To z kolei przek\u0142ada si\u0119 na wi\u0119ksz\u0105 pewno\u015b\u0107 siebie i motywacj\u0119 do podejmowania nowych wyzwa\u0144 zawodowych.<\/p>\n\n\n\n<p>Przerwa w pracy nie musi oznacza\u0107 stagnacji. Wr\u0119cz przeciwnie, mo\u017ce by\u0107 okazj\u0105 do zdobycia nowych umiej\u0119tno\u015bci, na przyk\u0142ad poprzez uczestnictwo w kursach online czy warsztatach. <strong>Wykorzystanie tego czasu na rozw\u00f3j osobisty i zawodowy<\/strong> mo\u017ce znacz\u0105co wp\u0142yn\u0105\u0107 na pozycj\u0119 na rynku pracy i otworzy\u0107 drog\u0119 do awansu lub zmiany \u015bcie\u017cki kariery po powrocie do zawodowych obowi\u0105zk\u00f3w.<\/p>\n\n\n\n<h2 class=\"wp-block-heading\"><span class=\"ez-toc-section\" id=\"Porady-dla-pracodawcow-Jak-wspierac-pracownikow-w-okresie-ochronnym\"><\/span><a><\/a>Porady dla pracodawc\u00f3w: Jak wspiera\u0107 pracownik\u00f3w w okresie ochronnym?<span class=\"ez-toc-section-end\"><\/span><\/h2>\n\n\n\n<p>Wspieranie pracownik\u00f3w powracaj\u0105cych do pracy po urlopie macierzy\u0144skim wymaga zrozumienia i elastyczno\u015bci ze strony pracodawc\u00f3w. <strong>Stworzenie przyjaznego \u015brodowiska pracy<\/strong> jest nie tylko korzystne dla pracownika, ale r\u00f3wnie\u017c przyczynia si\u0119 do budowania pozytywnej atmosfery w zespole. Pracodawcy powinni rozwa\u017cy\u0107 wprowadzenie elastycznych godzin pracy, co umo\u017cliwi rodzicom lepsze zbalansowanie obowi\u0105zk\u00f3w zawodowych i rodzinnych.<\/p>\n\n\n\n<p>Wa\u017cnym aspektem wsparcia jest r\u00f3wnie\u017c <strong>zapewnienie odpowiednich szkole\u0144<\/strong> oraz mo\u017cliwo\u015bci rozwoju. Powr\u00f3t do pracy po d\u0142u\u017cszej przerwie mo\u017ce by\u0107 stresuj\u0105cy, a technologia i procedury w miejscu pracy mog\u0105 ulec zmianie. Organizowanie kurs\u00f3w aktualizacyjnych lub szkole\u0144 wprowadzaj\u0105cych nowe narz\u0119dzia i metody pracy pomo\u017ce pracownikom szybciej odnale\u017a\u0107 si\u0119 w zmienionym \u015brodowisku pracy.<\/p>\n\n\n\n<p>Oto kilka sposob\u00f3w, jak pracodawcy mog\u0105 wspiera\u0107 pracownik\u00f3w w okresie ochronnym:<\/p>\n\n\n\n<ol class=\"wp-block-list\">\n<li><strong>Wprowadzenie elastycznych godzin pracy<\/strong> &#8211; umo\u017cliwienie pracownikom dostosowania godzin pracy do ich indywidualnych potrzeb.<\/li>\n\n\n\n<li><strong>Umo\u017cliwienie pracy zdalnej<\/strong> &#8211; je\u015bli to mo\u017cliwe, daj\u0105c pracownikom szans\u0119 na prac\u0119 z domu, co mo\u017ce znacznie u\u0142atwi\u0107 im powr\u00f3t do zawodowych obowi\u0105zk\u00f3w.<\/li>\n\n\n\n<li><strong>Organizacja szkole\u0144<\/strong> &#8211; zapewnienie dost\u0119pu do szkole\u0144 podnosz\u0105cych kwalifikacje lub od\u015bwie\u017caj\u0105cych wiedz\u0119, szczeg\u00f3lnie w obszarach, gdzie mog\u0142y zaj\u015b\u0107 zmiany podczas ich nieobecno\u015bci.<\/li>\n<\/ol>\n\n\n\n<h2 class=\"wp-block-heading\"><span class=\"ez-toc-section\" id=\"Najczesciej-Zadawane-Pytania\"><\/span>Najcz\u0119\u015bciej Zadawane Pytania<span class=\"ez-toc-section-end\"><\/span><\/h2>\n\n\n\n<h3 class=\"wp-block-heading\"><span class=\"ez-toc-section\" id=\"Czy-okres-ochronny-po-urlopie-macierzynskim-jest-obowiazkowy-dla-wszystkich-pracodawcow\"><\/span>Czy okres ochronny po urlopie macierzy\u0144skim jest obowi\u0105zkowy dla wszystkich pracodawc\u00f3w?<span class=\"ez-toc-section-end\"><\/span><\/h3>\n\n\n\n<p>Tak, okres ochronny po urlopie macierzy\u0144skim jest obowi\u0105zkowy zgodnie z polskim prawem pracy i dotyczy wszystkich pracodawc\u00f3w, niezale\u017cnie od wielko\u015bci firmy czy bran\u017cy.<\/p>\n\n\n\n<hr class=\"wp-block-separator has-alpha-channel-opacity\"\/>\n\n\n\n<h3 class=\"wp-block-heading\"><span class=\"ez-toc-section\" id=\"Czy-moge-pracowac-na-czesc-etatu-w-trakcie-okresu-ochronnego\"><\/span>Czy mog\u0119 pracowa\u0107 na cz\u0119\u015b\u0107 etatu w trakcie okresu ochronnego?<span class=\"ez-toc-section-end\"><\/span><\/h3>\n\n\n\n<p>Tak, pracownicy maj\u0105 mo\u017cliwo\u015b\u0107 pracy na cz\u0119\u015b\u0107 etatu w trakcie okresu ochronnego, je\u015bli pracodawca wyrazi na to zgod\u0119. Jest to cz\u0119sto wykorzystywane jako spos\u00f3b na stopniowy powr\u00f3t do pracy.<\/p>\n\n\n\n<hr class=\"wp-block-separator has-alpha-channel-opacity\"\/>\n\n\n\n<h3 class=\"wp-block-heading\"><span class=\"ez-toc-section\" id=\"Czy-okres-ochronny-wplywa-na-wysokosc-swiadczen-z-tytulu-urlopu-macierzynskiego\"><\/span>Czy okres ochronny wp\u0142ywa na wysoko\u015b\u0107 \u015bwiadcze\u0144 z tytu\u0142u urlopu macierzy\u0144skiego?<span class=\"ez-toc-section-end\"><\/span><\/h3>\n\n\n\n<p>Nie, okres ochronny nie wp\u0142ywa na wysoko\u015b\u0107 \u015bwiadcze\u0144 z tytu\u0142u urlopu macierzy\u0144skiego. \u015awiadczenia te s\u0105 naliczane na podstawie wcze\u015bniejszych zarobk\u00f3w i nie s\u0105 zmniejszane w trakcie okresu ochronnego.<\/p>\n\n\n\n<hr class=\"wp-block-separator has-alpha-channel-opacity\"\/>\n\n\n\n<h3 class=\"wp-block-heading\"><span class=\"ez-toc-section\" id=\"Czy-w-trakcie-okresu-ochronnego-moge-skorzystac-z-urlopu-wychowawczego\"><\/span>Czy w trakcie okresu ochronnego mog\u0119 skorzysta\u0107 z urlopu wychowawczego?<span class=\"ez-toc-section-end\"><\/span><\/h3>\n\n\n\n<p>Tak, pracownicy maj\u0105 prawo do skorzystania z urlopu wychowawczego w trakcie okresu ochronnego. Urlop wychowawczy mo\u017ce by\u0107 wykorzystany zar\u00f3wno w ca\u0142o\u015bci, jak i w cz\u0119\u015bciach, zgodnie z potrzebami pracownika.<\/p>\n\n\n\n<hr class=\"wp-block-separator has-alpha-channel-opacity\"\/>\n\n\n\n<h3 class=\"wp-block-heading\"><span class=\"ez-toc-section\" id=\"Czy-pracodawca-moze-zmienic-moje-warunki-pracy-po-powrocie-z-urlopu-macierzynskiego-i-w-trakcie-okresu-ochronnego\"><\/span>Czy pracodawca mo\u017ce zmieni\u0107 moje warunki pracy po powrocie z urlopu macierzy\u0144skiego i w trakcie okresu ochronnego?<span class=\"ez-toc-section-end\"><\/span><\/h3>\n\n\n\n<p>Nie, w trakcie okresu ochronnego pracodawca nie mo\u017ce bez zgody pracownika zmienia\u0107 warunk\u00f3w pracy na mniej korzystne, w tym zmniejsza\u0107 wynagrodzenia, zmienia\u0107 stanowiska pracy czy narzuca\u0107 niekorzystne zmiany w zakresie obowi\u0105zk\u00f3w.<\/p>\n","protected":false},"excerpt":{"rendered":"<p>Czy wiedzieli\u015bcie, \u017ce po urlopie macierzy\u0144skim mo\u017cna jeszcze przez rok cieszy\u0107 si\u0119 specjalnym parasolem ochronnym, kt\u00f3ry nie tylko chroni przed deszczem zwolnie\u0144, ale r\u00f3wnie\u017c sprzyja rozwojowi zawodowemu? W naszym artykule przyjrzymy si\u0119 bli\u017cej korzy\u015bciom p\u0142yn\u0105cym z 12-miesi\u0119cznego okresu ochronnego, doradzimy, jak maksymalnie wykorzysta\u0107 ten czas dla w\u0142asnego dobra oraz powrotu na rynek pracy. Zbadamy, jakie&hellip; <br \/> <a class=\"read-more\" href=\"https:\/\/supergrosz.pl\/blog\/12-miesieczny-okres-ochronny-po-urlopie-macierzynskim\/\">Czytaj wi\u0119cej<\/a><\/p>\n","protected":false},"author":12,"featured_media":3378,"comment_status":"closed","ping_status":"open","sticky":false,"template":"","format":"standard","meta":{"_acf_changed":false,"footnotes":""},"categories":[1],"tags":[],"class_list":["post-3377","post","type-post","status-publish","format-standard","has-post-thumbnail","hentry","category-bez-kategorii"],"acf":[],"yoast_head":"<!-- This site is optimized with the Yoast SEO plugin v25.1 - https:\/\/yoast.com\/wordpress\/plugins\/seo\/ -->\n<title>12-miesi\u0119czny okres ochronny po urlopie macierzy\u0144skim - SuperGrosz - Blog<\/title>\n<meta name=\"robots\" content=\"index, follow, max-snippet:-1, max-image-preview:large, max-video-preview:-1\" \/>\n<link rel=\"canonical\" href=\"https:\/\/supergrosz.pl\/blog\/12-miesieczny-okres-ochronny-po-urlopie-macierzynskim\/\" \/>\n<meta property=\"og:locale\" content=\"pl_PL\" \/>\n<meta property=\"og:type\" content=\"article\" \/>\n<meta property=\"og:title\" content=\"12-miesi\u0119czny okres ochronny po urlopie macierzy\u0144skim - SuperGrosz - Blog\" \/>\n<meta property=\"og:description\" content=\"Czy wiedzieli\u015bcie, \u017ce po urlopie macierzy\u0144skim mo\u017cna jeszcze przez rok cieszy\u0107 si\u0119 specjalnym parasolem ochronnym, kt\u00f3ry nie tylko chroni przed deszczem zwolnie\u0144, ale r\u00f3wnie\u017c sprzyja rozwojowi zawodowemu? W naszym artykule przyjrzymy si\u0119 bli\u017cej korzy\u015bciom p\u0142yn\u0105cym z 12-miesi\u0119cznego okresu ochronnego, doradzimy, jak maksymalnie wykorzysta\u0107 ten czas dla w\u0142asnego dobra oraz powrotu na rynek pracy. Zbadamy, jakie&hellip; Czytaj wi\u0119cej\" \/>\n<meta property=\"og:url\" content=\"https:\/\/supergrosz.pl\/blog\/12-miesieczny-okres-ochronny-po-urlopie-macierzynskim\/\" \/>\n<meta property=\"og:site_name\" content=\"SuperGrosz - Blog\" \/>\n<meta property=\"article:published_time\" content=\"2025-02-10T15:00:00+00:00\" \/>\n<meta property=\"og:image\" content=\"https:\/\/supergrosz.pl\/blog\/wp-content\/uploads\/2025\/02\/10-4.jpg\" \/>\n\t<meta property=\"og:image:width\" content=\"1000\" \/>\n\t<meta property=\"og:image:height\" content=\"662\" \/>\n\t<meta property=\"og:image:type\" content=\"image\/jpeg\" \/>\n<meta name=\"author\" content=\"Ma\u0142gorzata Siess\" \/>\n<meta name=\"twitter:card\" content=\"summary_large_image\" \/>\n<meta name=\"twitter:label1\" content=\"Written by\" \/>\n\t<meta name=\"twitter:data1\" content=\"Ma\u0142gorzata Siess\" \/>\n\t<meta name=\"twitter:label2\" content=\"Est. reading time\" \/>\n\t<meta name=\"twitter:data2\" content=\"6 minutes\" \/>\n<script type=\"application\/ld+json\" class=\"yoast-schema-graph\">{\"@context\":\"https:\/\/schema.org\",\"@graph\":[{\"@type\":\"Article\",\"@id\":\"https:\/\/supergrosz.pl\/blog\/12-miesieczny-okres-ochronny-po-urlopie-macierzynskim\/#article\",\"isPartOf\":{\"@id\":\"https:\/\/supergrosz.pl\/blog\/12-miesieczny-okres-ochronny-po-urlopie-macierzynskim\/\"},\"author\":{\"name\":\"Ma\u0142gorzata Siess\",\"@id\":\"https:\/\/supergrosz.pl\/blog\/#\/schema\/person\/1e5961c38de46a014d6192c0fd3d7791\"},\"headline\":\"12-miesi\u0119czny okres ochronny po urlopie macierzy\u0144skim\",\"datePublished\":\"2025-02-10T15:00:00+00:00\",\"mainEntityOfPage\":{\"@id\":\"https:\/\/supergrosz.pl\/blog\/12-miesieczny-okres-ochronny-po-urlopie-macierzynskim\/\"},\"wordCount\":1232,\"publisher\":{\"@id\":\"https:\/\/supergrosz.pl\/blog\/#organization\"},\"image\":{\"@id\":\"https:\/\/supergrosz.pl\/blog\/12-miesieczny-okres-ochronny-po-urlopie-macierzynskim\/#primaryimage\"},\"thumbnailUrl\":\"https:\/\/supergrosz.pl\/blog\/wp-content\/uploads\/2025\/02\/10-4.jpg\",\"inLanguage\":\"pl-PL\"},{\"@type\":\"WebPage\",\"@id\":\"https:\/\/supergrosz.pl\/blog\/12-miesieczny-okres-ochronny-po-urlopie-macierzynskim\/\",\"url\":\"https:\/\/supergrosz.pl\/blog\/12-miesieczny-okres-ochronny-po-urlopie-macierzynskim\/\",\"name\":\"12-miesi\u0119czny okres ochronny po urlopie macierzy\u0144skim - SuperGrosz - Blog\",\"isPartOf\":{\"@id\":\"https:\/\/supergrosz.pl\/blog\/#website\"},\"primaryImageOfPage\":{\"@id\":\"https:\/\/supergrosz.pl\/blog\/12-miesieczny-okres-ochronny-po-urlopie-macierzynskim\/#primaryimage\"},\"image\":{\"@id\":\"https:\/\/supergrosz.pl\/blog\/12-miesieczny-okres-ochronny-po-urlopie-macierzynskim\/#primaryimage\"},\"thumbnailUrl\":\"https:\/\/supergrosz.pl\/blog\/wp-content\/uploads\/2025\/02\/10-4.jpg\",\"datePublished\":\"2025-02-10T15:00:00+00:00\",\"breadcrumb\":{\"@id\":\"https:\/\/supergrosz.pl\/blog\/12-miesieczny-okres-ochronny-po-urlopie-macierzynskim\/#breadcrumb\"},\"inLanguage\":\"pl-PL\",\"potentialAction\":[{\"@type\":\"ReadAction\",\"target\":[\"https:\/\/supergrosz.pl\/blog\/12-miesieczny-okres-ochronny-po-urlopie-macierzynskim\/\"]}]},{\"@type\":\"ImageObject\",\"inLanguage\":\"pl-PL\",\"@id\":\"https:\/\/supergrosz.pl\/blog\/12-miesieczny-okres-ochronny-po-urlopie-macierzynskim\/#primaryimage\",\"url\":\"https:\/\/supergrosz.pl\/blog\/wp-content\/uploads\/2025\/02\/10-4.jpg\",\"contentUrl\":\"https:\/\/supergrosz.pl\/blog\/wp-content\/uploads\/2025\/02\/10-4.jpg\",\"width\":1000,\"height\":662},{\"@type\":\"BreadcrumbList\",\"@id\":\"https:\/\/supergrosz.pl\/blog\/12-miesieczny-okres-ochronny-po-urlopie-macierzynskim\/#breadcrumb\",\"itemListElement\":[{\"@type\":\"ListItem\",\"position\":1,\"name\":\"Strona g\u0142\u00f3wna\",\"item\":\"https:\/\/supergrosz.pl\/blog\/\"},{\"@type\":\"ListItem\",\"position\":2,\"name\":\"12-miesi\u0119czny okres ochronny po urlopie macierzy\u0144skim\"}]},{\"@type\":\"WebSite\",\"@id\":\"https:\/\/supergrosz.pl\/blog\/#website\",\"url\":\"https:\/\/supergrosz.pl\/blog\/\",\"name\":\"SuperGrosz - Blog\",\"description\":\"Zastanawiasz si\u0119 jak wygl\u0105da proces otrzymywania po\u017cyczek? Szukasz po\u017cyczki online, ale nie wiesz, na co zwraca\u0107 uwag\u0119? Sprawd\u017a nasz poradnik.\",\"publisher\":{\"@id\":\"https:\/\/supergrosz.pl\/blog\/#organization\"},\"potentialAction\":[{\"@type\":\"SearchAction\",\"target\":{\"@type\":\"EntryPoint\",\"urlTemplate\":\"https:\/\/supergrosz.pl\/blog\/?s={search_term_string}\"},\"query-input\":{\"@type\":\"PropertyValueSpecification\",\"valueRequired\":true,\"valueName\":\"search_term_string\"}}],\"inLanguage\":\"pl-PL\"},{\"@type\":\"Organization\",\"@id\":\"https:\/\/supergrosz.pl\/blog\/#organization\",\"name\":\"SuperGrosz - Blog\",\"url\":\"https:\/\/supergrosz.pl\/blog\/\",\"logo\":{\"@type\":\"ImageObject\",\"inLanguage\":\"pl-PL\",\"@id\":\"https:\/\/supergrosz.pl\/blog\/#\/schema\/logo\/image\/\",\"url\":\"https:\/\/supergrosz.pl\/blog\/wp-content\/uploads\/2025\/05\/logo-poradnik.png\",\"contentUrl\":\"https:\/\/supergrosz.pl\/blog\/wp-content\/uploads\/2025\/05\/logo-poradnik.png\",\"width\":212,\"height\":70,\"caption\":\"SuperGrosz - Blog\"},\"image\":{\"@id\":\"https:\/\/supergrosz.pl\/blog\/#\/schema\/logo\/image\/\"}},{\"@type\":\"Person\",\"@id\":\"https:\/\/supergrosz.pl\/blog\/#\/schema\/person\/1e5961c38de46a014d6192c0fd3d7791\",\"name\":\"Ma\u0142gorzata Siess\",\"image\":{\"@type\":\"ImageObject\",\"inLanguage\":\"pl-PL\",\"@id\":\"https:\/\/supergrosz.pl\/blog\/#\/schema\/person\/image\/\",\"url\":\"https:\/\/secure.gravatar.com\/avatar\/5c024abc663e2ec6f1898c9d9fdf0b3b?s=96&d=mm&r=g\",\"contentUrl\":\"https:\/\/secure.gravatar.com\/avatar\/5c024abc663e2ec6f1898c9d9fdf0b3b?s=96&d=mm&r=g\",\"caption\":\"Ma\u0142gorzata Siess\"},\"url\":\"https:\/\/supergrosz.pl\/blog\/author\/malgorzata-siess\/\"}]}<\/script>\n<!-- \/ Yoast SEO plugin. -->","yoast_head_json":{"title":"12-miesi\u0119czny okres ochronny po urlopie macierzy\u0144skim - SuperGrosz - Blog","robots":{"index":"index","follow":"follow","max-snippet":"max-snippet:-1","max-image-preview":"max-image-preview:large","max-video-preview":"max-video-preview:-1"},"canonical":"https:\/\/supergrosz.pl\/blog\/12-miesieczny-okres-ochronny-po-urlopie-macierzynskim\/","og_locale":"pl_PL","og_type":"article","og_title":"12-miesi\u0119czny okres ochronny po urlopie macierzy\u0144skim - SuperGrosz - Blog","og_description":"Czy wiedzieli\u015bcie, \u017ce po urlopie macierzy\u0144skim mo\u017cna jeszcze przez rok cieszy\u0107 si\u0119 specjalnym parasolem ochronnym, kt\u00f3ry nie tylko chroni przed deszczem zwolnie\u0144, ale r\u00f3wnie\u017c sprzyja rozwojowi zawodowemu? W naszym artykule przyjrzymy si\u0119 bli\u017cej korzy\u015bciom p\u0142yn\u0105cym z 12-miesi\u0119cznego okresu ochronnego, doradzimy, jak maksymalnie wykorzysta\u0107 ten czas dla w\u0142asnego dobra oraz powrotu na rynek pracy. Zbadamy, jakie&hellip; Czytaj wi\u0119cej","og_url":"https:\/\/supergrosz.pl\/blog\/12-miesieczny-okres-ochronny-po-urlopie-macierzynskim\/","og_site_name":"SuperGrosz - Blog","article_published_time":"2025-02-10T15:00:00+00:00","og_image":[{"width":1000,"height":662,"url":"https:\/\/supergrosz.pl\/blog\/wp-content\/uploads\/2025\/02\/10-4.jpg","type":"image\/jpeg"}],"author":"Ma\u0142gorzata Siess","twitter_card":"summary_large_image","twitter_misc":{"Written by":"Ma\u0142gorzata Siess","Est. reading time":"6 minutes"},"schema":{"@context":"https:\/\/schema.org","@graph":[{"@type":"Article","@id":"https:\/\/supergrosz.pl\/blog\/12-miesieczny-okres-ochronny-po-urlopie-macierzynskim\/#article","isPartOf":{"@id":"https:\/\/supergrosz.pl\/blog\/12-miesieczny-okres-ochronny-po-urlopie-macierzynskim\/"},"author":{"name":"Ma\u0142gorzata Siess","@id":"https:\/\/supergrosz.pl\/blog\/#\/schema\/person\/1e5961c38de46a014d6192c0fd3d7791"},"headline":"12-miesi\u0119czny okres ochronny po urlopie macierzy\u0144skim","datePublished":"2025-02-10T15:00:00+00:00","mainEntityOfPage":{"@id":"https:\/\/supergrosz.pl\/blog\/12-miesieczny-okres-ochronny-po-urlopie-macierzynskim\/"},"wordCount":1232,"publisher":{"@id":"https:\/\/supergrosz.pl\/blog\/#organization"},"image":{"@id":"https:\/\/supergrosz.pl\/blog\/12-miesieczny-okres-ochronny-po-urlopie-macierzynskim\/#primaryimage"},"thumbnailUrl":"https:\/\/supergrosz.pl\/blog\/wp-content\/uploads\/2025\/02\/10-4.jpg","inLanguage":"pl-PL"},{"@type":"WebPage","@id":"https:\/\/supergrosz.pl\/blog\/12-miesieczny-okres-ochronny-po-urlopie-macierzynskim\/","url":"https:\/\/supergrosz.pl\/blog\/12-miesieczny-okres-ochronny-po-urlopie-macierzynskim\/","name":"12-miesi\u0119czny okres ochronny po urlopie macierzy\u0144skim - SuperGrosz - Blog","isPartOf":{"@id":"https:\/\/supergrosz.pl\/blog\/#website"},"primaryImageOfPage":{"@id":"https:\/\/supergrosz.pl\/blog\/12-miesieczny-okres-ochronny-po-urlopie-macierzynskim\/#primaryimage"},"image":{"@id":"https:\/\/supergrosz.pl\/blog\/12-miesieczny-okres-ochronny-po-urlopie-macierzynskim\/#primaryimage"},"thumbnailUrl":"https:\/\/supergrosz.pl\/blog\/wp-content\/uploads\/2025\/02\/10-4.jpg","datePublished":"2025-02-10T15:00:00+00:00","breadcrumb":{"@id":"https:\/\/supergrosz.pl\/blog\/12-miesieczny-okres-ochronny-po-urlopie-macierzynskim\/#breadcrumb"},"inLanguage":"pl-PL","potentialAction":[{"@type":"ReadAction","target":["https:\/\/supergrosz.pl\/blog\/12-miesieczny-okres-ochronny-po-urlopie-macierzynskim\/"]}]},{"@type":"ImageObject","inLanguage":"pl-PL","@id":"https:\/\/supergrosz.pl\/blog\/12-miesieczny-okres-ochronny-po-urlopie-macierzynskim\/#primaryimage","url":"https:\/\/supergrosz.pl\/blog\/wp-content\/uploads\/2025\/02\/10-4.jpg","contentUrl":"https:\/\/supergrosz.pl\/blog\/wp-content\/uploads\/2025\/02\/10-4.jpg","width":1000,"height":662},{"@type":"BreadcrumbList","@id":"https:\/\/supergrosz.pl\/blog\/12-miesieczny-okres-ochronny-po-urlopie-macierzynskim\/#breadcrumb","itemListElement":[{"@type":"ListItem","position":1,"name":"Strona g\u0142\u00f3wna","item":"https:\/\/supergrosz.pl\/blog\/"},{"@type":"ListItem","position":2,"name":"12-miesi\u0119czny okres ochronny po urlopie macierzy\u0144skim"}]},{"@type":"WebSite","@id":"https:\/\/supergrosz.pl\/blog\/#website","url":"https:\/\/supergrosz.pl\/blog\/","name":"SuperGrosz - Blog","description":"Zastanawiasz si\u0119 jak wygl\u0105da proces otrzymywania po\u017cyczek? Szukasz po\u017cyczki online, ale nie wiesz, na co zwraca\u0107 uwag\u0119? Sprawd\u017a nasz poradnik.","publisher":{"@id":"https:\/\/supergrosz.pl\/blog\/#organization"},"potentialAction":[{"@type":"SearchAction","target":{"@type":"EntryPoint","urlTemplate":"https:\/\/supergrosz.pl\/blog\/?s={search_term_string}"},"query-input":{"@type":"PropertyValueSpecification","valueRequired":true,"valueName":"search_term_string"}}],"inLanguage":"pl-PL"},{"@type":"Organization","@id":"https:\/\/supergrosz.pl\/blog\/#organization","name":"SuperGrosz - Blog","url":"https:\/\/supergrosz.pl\/blog\/","logo":{"@type":"ImageObject","inLanguage":"pl-PL","@id":"https:\/\/supergrosz.pl\/blog\/#\/schema\/logo\/image\/","url":"https:\/\/supergrosz.pl\/blog\/wp-content\/uploads\/2025\/05\/logo-poradnik.png","contentUrl":"https:\/\/supergrosz.pl\/blog\/wp-content\/uploads\/2025\/05\/logo-poradnik.png","width":212,"height":70,"caption":"SuperGrosz - Blog"},"image":{"@id":"https:\/\/supergrosz.pl\/blog\/#\/schema\/logo\/image\/"}},{"@type":"Person","@id":"https:\/\/supergrosz.pl\/blog\/#\/schema\/person\/1e5961c38de46a014d6192c0fd3d7791","name":"Ma\u0142gorzata Siess","image":{"@type":"ImageObject","inLanguage":"pl-PL","@id":"https:\/\/supergrosz.pl\/blog\/#\/schema\/person\/image\/","url":"https:\/\/secure.gravatar.com\/avatar\/5c024abc663e2ec6f1898c9d9fdf0b3b?s=96&d=mm&r=g","contentUrl":"https:\/\/secure.gravatar.com\/avatar\/5c024abc663e2ec6f1898c9d9fdf0b3b?s=96&d=mm&r=g","caption":"Ma\u0142gorzata Siess"},"url":"https:\/\/supergrosz.pl\/blog\/author\/malgorzata-siess\/"}]}},"_links":{"self":[{"href":"https:\/\/supergrosz.pl\/blog\/wp-json\/wp\/v2\/posts\/3377","targetHints":{"allow":["GET"]}}],"collection":[{"href":"https:\/\/supergrosz.pl\/blog\/wp-json\/wp\/v2\/posts"}],"about":[{"href":"https:\/\/supergrosz.pl\/blog\/wp-json\/wp\/v2\/types\/post"}],"author":[{"embeddable":true,"href":"https:\/\/supergrosz.pl\/blog\/wp-json\/wp\/v2\/users\/12"}],"replies":[{"embeddable":true,"href":"https:\/\/supergrosz.pl\/blog\/wp-json\/wp\/v2\/comments?post=3377"}],"version-history":[{"count":3,"href":"https:\/\/supergrosz.pl\/blog\/wp-json\/wp\/v2\/posts\/3377\/revisions"}],"predecessor-version":[{"id":3382,"href":"https:\/\/supergrosz.pl\/blog\/wp-json\/wp\/v2\/posts\/3377\/revisions\/3382"}],"wp:featuredmedia":[{"embeddable":true,"href":"https:\/\/supergrosz.pl\/blog\/wp-json\/wp\/v2\/media\/3378"}],"wp:attachment":[{"href":"https:\/\/supergrosz.pl\/blog\/wp-json\/wp\/v2\/media?parent=3377"}],"wp:term":[{"taxonomy":"category","embeddable":true,"href":"https:\/\/supergrosz.pl\/blog\/wp-json\/wp\/v2\/categories?post=3377"},{"taxonomy":"post_tag","embeddable":true,"href":"https:\/\/supergrosz.pl\/blog\/wp-json\/wp\/v2\/tags?post=3377"}],"curies":[{"name":"wp","href":"https:\/\/api.w.org\/{rel}","templated":true}]}}